{"id":13501,"date":"2012-03-27T13:50:27","date_gmt":"2012-03-27T14:50:27","guid":{"rendered":"https:\/\/siteofnature.com\/bociany-powracaja\/"},"modified":"2012-03-27T13:50:27","modified_gmt":"2012-03-27T14:50:27","slug":"bociany-powracaja","status":"publish","type":"post","link":"https:\/\/siteofnature.com\/pl\/bociany-powracaja\/","title":{"rendered":"Bociany powracaj\u0105."},"content":{"rendered":"<p><a title=\"tbocian \" href=\"http:\/\/siteofnature.com\/wp-content\/uploads\/2012\/03\/img_42.jpg\"><img loading=\"lazy\" decoding=\"async\" class=\"\" src=\"http:\/\/siteofnature.com\/wp-content\/uploads\/2012\/03\/img_42.jpg\" alt=\".\" width=\"532\" height=\"358\"><\/a><br \/>\nRano 24 marca wybrali\u015bmy si\u0119 z \u017con\u0105 na spacer i zobaczyli\u015bmy wysoko na niebie wielkie stado bocian\u00f3w. To by\u0142 bardzo \u0142adny widok. Wiosna wraca. Takiej ilo\u015bci bocian\u00f3w razem w okresie wiosennym jeszcze nie widzieli\u015bmy.   <\/p>\n","protected":false},"excerpt":{"rendered":"<table>\n<tbody>\n<tr>\n<td><a class=\"example7\" title=\"bocian \" href=\"http:\/\/siteofnature.com\/wp-content\/uploads\/2012\/03\/img_42.jpg\"><img decoding=\"async\" src=\"http:\/\/siteofnature.com\/wp-content\/uploads\/2012\/03\/img42.jpg\" alt=\".\"><\/a><\/td>\n<\/tr>\n<\/tbody>\n<\/table>\n<p>Rano 24 marca wybrali\u015bmy si\u0119 z \u017con\u0105 na spacer i zobaczyli\u015bmy wysoko na niebie wielkie stado bocian\u00f3w. To by\u0142 bardzo \u0142adny widok. Wiosna wraca.  <\/p>\n","protected":false},"author":1,"featured_media":0,"comment_status":"closed","ping_status":"open","sticky":false,"template":"","format":"standard","meta":{"_et_pb_use_builder":"","_et_pb_old_content":"","_et_gb_content_width":"","footnotes":""},"categories":[],"tags":[],"class_list":["post-13501","post","type-post","status-publish","format-standard","hentry"],"yoast_head":"<!-- This site is optimized with the Yoast SEO plugin v27.2 - https:\/\/yoast.com\/product\/yoast-seo-wordpress\/ -->\n<title>Bociany powracaj\u0105. - Site of nature<\/title>\n<meta name=\"description\" content=\"Rano 24 marca wybrali\u015bmy si\u0119 z \u017con\u0105 na spacer i zobaczyli\u015bmy wysoko na niebie wielkie stado bocian\u00f3w. To by\u0142 bardzo \u0142adny widok. Wiosna wraca. Takiej ilo\u015bci bocian\u00f3w razem w okresie wiosennym jeszcze nie widzieli\u015bmy.\" \/>\n<meta name=\"robots\" content=\"index, follow, max-snippet:-1, max-image-preview:large, max-video-preview:-1\" \/>\n<link rel=\"canonical\" href=\"https:\/\/siteofnature.com\/pl\/bociany-powracaja\/\" \/>\n<meta property=\"og:locale\" content=\"pl_PL\" \/>\n<meta property=\"og:type\" content=\"article\" \/>\n<meta property=\"og:title\" content=\"Bociany powracaj\u0105. - Site of nature\" \/>\n<meta property=\"og:description\" content=\"Rano 24 marca wybrali\u015bmy si\u0119 z \u017con\u0105 na spacer i zobaczyli\u015bmy wysoko na niebie wielkie stado bocian\u00f3w. To by\u0142 bardzo \u0142adny widok. Wiosna wraca. Takiej ilo\u015bci bocian\u00f3w razem w okresie wiosennym jeszcze nie widzieli\u015bmy.\" \/>\n<meta property=\"og:url\" content=\"https:\/\/siteofnature.com\/pl\/bociany-powracaja\/\" \/>\n<meta property=\"og:site_name\" content=\"Site of nature\" \/>\n<meta property=\"article:publisher\" content=\"https:\/\/www.facebook.com\/pchmur\" \/>\n<meta property=\"article:author\" content=\"https:\/\/www.facebook.com\/pchmur\" \/>\n<meta property=\"article:published_time\" content=\"2012-03-27T14:50:27+00:00\" \/>\n<meta property=\"og:image\" content=\"http:\/\/siteofnature.com\/wp-content\/uploads\/2012\/03\/img_42.jpg\" \/>\n<meta name=\"author\" content=\"Pawe\u0142 Chmur\" \/>\n<meta name=\"twitter:card\" content=\"summary_large_image\" \/>\n<meta name=\"twitter:label1\" content=\"Napisane przez\" \/>\n\t<meta name=\"twitter:data1\" content=\"Pawe\u0142 Chmur\" \/>\n<script type=\"application\/ld+json\" class=\"yoast-schema-graph\">{\"@context\":\"https:\/\/schema.org\",\"@graph\":[{\"@type\":\"Article\",\"@id\":\"https:\/\/siteofnature.com\/pl\/bociany-powracaja\/#article\",\"isPartOf\":{\"@id\":\"https:\/\/siteofnature.com\/pl\/bociany-powracaja\/\"},\"author\":{\"name\":\"Pawe\u0142 Chmur\",\"@id\":\"https:\/\/siteofnature.com\/pl\/en\/#\/schema\/person\/5ed3d9d3b6bef0c7d37023966e2c0d66\"},\"headline\":\"Bociany powracaj\u0105.\",\"datePublished\":\"2012-03-27T14:50:27+00:00\",\"mainEntityOfPage\":{\"@id\":\"https:\/\/siteofnature.com\/pl\/bociany-powracaja\/\"},\"wordCount\":41,\"publisher\":{\"@id\":\"https:\/\/siteofnature.com\/pl\/en\/#\/schema\/person\/5ed3d9d3b6bef0c7d37023966e2c0d66\"},\"image\":{\"@id\":\"https:\/\/siteofnature.com\/pl\/bociany-powracaja\/#primaryimage\"},\"thumbnailUrl\":\"http:\/\/siteofnature.com\/wp-content\/uploads\/2012\/03\/img_42.jpg\",\"inLanguage\":\"pl-PL\"},{\"@type\":\"WebPage\",\"@id\":\"https:\/\/siteofnature.com\/pl\/bociany-powracaja\/\",\"url\":\"https:\/\/siteofnature.com\/pl\/bociany-powracaja\/\",\"name\":\"Bociany powracaj\u0105. - Site of nature\",\"isPartOf\":{\"@id\":\"https:\/\/siteofnature.com\/pl\/en\/#website\"},\"primaryImageOfPage\":{\"@id\":\"https:\/\/siteofnature.com\/pl\/bociany-powracaja\/#primaryimage\"},\"image\":{\"@id\":\"https:\/\/siteofnature.com\/pl\/bociany-powracaja\/#primaryimage\"},\"thumbnailUrl\":\"http:\/\/siteofnature.com\/wp-content\/uploads\/2012\/03\/img_42.jpg\",\"datePublished\":\"2012-03-27T14:50:27+00:00\",\"description\":\"Rano 24 marca wybrali\u015bmy si\u0119 z \u017con\u0105 na spacer i zobaczyli\u015bmy wysoko na niebie wielkie stado bocian\u00f3w. To by\u0142 bardzo \u0142adny widok. Wiosna wraca. Takiej ilo\u015bci bocian\u00f3w razem w okresie wiosennym jeszcze nie widzieli\u015bmy.\",\"breadcrumb\":{\"@id\":\"https:\/\/siteofnature.com\/pl\/bociany-powracaja\/#breadcrumb\"},\"inLanguage\":\"pl-PL\",\"potentialAction\":[{\"@type\":\"ReadAction\",\"target\":[\"https:\/\/siteofnature.com\/pl\/bociany-powracaja\/\"]}]},{\"@type\":\"ImageObject\",\"inLanguage\":\"pl-PL\",\"@id\":\"https:\/\/siteofnature.com\/pl\/bociany-powracaja\/#primaryimage\",\"url\":\"http:\/\/siteofnature.com\/wp-content\/uploads\/2012\/03\/img_42.jpg\",\"contentUrl\":\"http:\/\/siteofnature.com\/wp-content\/uploads\/2012\/03\/img_42.jpg\"},{\"@type\":\"BreadcrumbList\",\"@id\":\"https:\/\/siteofnature.com\/pl\/bociany-powracaja\/#breadcrumb\",\"itemListElement\":[{\"@type\":\"ListItem\",\"position\":1,\"name\":\"Home\",\"item\":\"https:\/\/siteofnature.com\/pl\/home\/\"},{\"@type\":\"ListItem\",\"position\":2,\"name\":\"Bociany powracaj\u0105.\"}]},{\"@type\":\"WebSite\",\"@id\":\"https:\/\/siteofnature.com\/pl\/en\/#website\",\"url\":\"https:\/\/siteofnature.com\/pl\/en\/\",\"name\":\"Site of nature\",\"description\":\"my observations and photos of nature in my area\",\"publisher\":{\"@id\":\"https:\/\/siteofnature.com\/pl\/en\/#\/schema\/person\/5ed3d9d3b6bef0c7d37023966e2c0d66\"},\"alternateName\":\"about nature\",\"potentialAction\":[{\"@type\":\"SearchAction\",\"target\":{\"@type\":\"EntryPoint\",\"urlTemplate\":\"https:\/\/siteofnature.com\/pl\/en\/?s={search_term_string}\"},\"query-input\":{\"@type\":\"PropertyValueSpecification\",\"valueRequired\":true,\"valueName\":\"search_term_string\"}}],\"inLanguage\":\"pl-PL\"},{\"@type\":[\"Person\",\"Organization\"],\"@id\":\"https:\/\/siteofnature.com\/pl\/en\/#\/schema\/person\/5ed3d9d3b6bef0c7d37023966e2c0d66\",\"name\":\"Pawe\u0142 Chmur\",\"image\":{\"@type\":\"ImageObject\",\"inLanguage\":\"pl-PL\",\"@id\":\"https:\/\/siteofnature.com\/wp-content\/uploads\/2021\/01\/1625770_1074626285927938_5128424736839005493_n.jpg\",\"url\":\"https:\/\/siteofnature.com\/wp-content\/uploads\/2021\/01\/1625770_1074626285927938_5128424736839005493_n.jpg\",\"contentUrl\":\"https:\/\/siteofnature.com\/wp-content\/uploads\/2021\/01\/1625770_1074626285927938_5128424736839005493_n.jpg\",\"width\":524,\"height\":524,\"caption\":\"Pawe\u0142 Chmur\"},\"logo\":{\"@id\":\"https:\/\/siteofnature.com\/wp-content\/uploads\/2021\/01\/1625770_1074626285927938_5128424736839005493_n.jpg\"},\"sameAs\":[\"https:\/\/siteofnature.com\",\"https:\/\/www.facebook.com\/pchmur\"],\"url\":\"https:\/\/siteofnature.com\/pl\/author\/siteofnature\/\"}]}<\/script>\n<!-- \/ Yoast SEO plugin. -->","yoast_head_json":{"title":"Bociany powracaj\u0105. - Site of nature","description":"Rano 24 marca wybrali\u015bmy si\u0119 z \u017con\u0105 na spacer i zobaczyli\u015bmy wysoko na niebie wielkie stado bocian\u00f3w. To by\u0142 bardzo \u0142adny widok. Wiosna wraca. Takiej ilo\u015bci bocian\u00f3w razem w okresie wiosennym jeszcze nie widzieli\u015bmy.","robots":{"index":"index","follow":"follow","max-snippet":"max-snippet:-1","max-image-preview":"max-image-preview:large","max-video-preview":"max-video-preview:-1"},"canonical":"https:\/\/siteofnature.com\/pl\/bociany-powracaja\/","og_locale":"pl_PL","og_type":"article","og_title":"Bociany powracaj\u0105. - Site of nature","og_description":"Rano 24 marca wybrali\u015bmy si\u0119 z \u017con\u0105 na spacer i zobaczyli\u015bmy wysoko na niebie wielkie stado bocian\u00f3w. To by\u0142 bardzo \u0142adny widok. Wiosna wraca. Takiej ilo\u015bci bocian\u00f3w razem w okresie wiosennym jeszcze nie widzieli\u015bmy.","og_url":"https:\/\/siteofnature.com\/pl\/bociany-powracaja\/","og_site_name":"Site of nature","article_publisher":"https:\/\/www.facebook.com\/pchmur","article_author":"https:\/\/www.facebook.com\/pchmur","article_published_time":"2012-03-27T14:50:27+00:00","og_image":[{"url":"http:\/\/siteofnature.com\/wp-content\/uploads\/2012\/03\/img_42.jpg","type":"","width":"","height":""}],"author":"Pawe\u0142 Chmur","twitter_card":"summary_large_image","twitter_misc":{"Napisane przez":"Pawe\u0142 Chmur"},"schema":{"@context":"https:\/\/schema.org","@graph":[{"@type":"Article","@id":"https:\/\/siteofnature.com\/pl\/bociany-powracaja\/#article","isPartOf":{"@id":"https:\/\/siteofnature.com\/pl\/bociany-powracaja\/"},"author":{"name":"Pawe\u0142 Chmur","@id":"https:\/\/siteofnature.com\/pl\/en\/#\/schema\/person\/5ed3d9d3b6bef0c7d37023966e2c0d66"},"headline":"Bociany powracaj\u0105.","datePublished":"2012-03-27T14:50:27+00:00","mainEntityOfPage":{"@id":"https:\/\/siteofnature.com\/pl\/bociany-powracaja\/"},"wordCount":41,"publisher":{"@id":"https:\/\/siteofnature.com\/pl\/en\/#\/schema\/person\/5ed3d9d3b6bef0c7d37023966e2c0d66"},"image":{"@id":"https:\/\/siteofnature.com\/pl\/bociany-powracaja\/#primaryimage"},"thumbnailUrl":"http:\/\/siteofnature.com\/wp-content\/uploads\/2012\/03\/img_42.jpg","inLanguage":"pl-PL"},{"@type":"WebPage","@id":"https:\/\/siteofnature.com\/pl\/bociany-powracaja\/","url":"https:\/\/siteofnature.com\/pl\/bociany-powracaja\/","name":"Bociany powracaj\u0105. - Site of nature","isPartOf":{"@id":"https:\/\/siteofnature.com\/pl\/en\/#website"},"primaryImageOfPage":{"@id":"https:\/\/siteofnature.com\/pl\/bociany-powracaja\/#primaryimage"},"image":{"@id":"https:\/\/siteofnature.com\/pl\/bociany-powracaja\/#primaryimage"},"thumbnailUrl":"http:\/\/siteofnature.com\/wp-content\/uploads\/2012\/03\/img_42.jpg","datePublished":"2012-03-27T14:50:27+00:00","description":"Rano 24 marca wybrali\u015bmy si\u0119 z \u017con\u0105 na spacer i zobaczyli\u015bmy wysoko na niebie wielkie stado bocian\u00f3w. To by\u0142 bardzo \u0142adny widok. Wiosna wraca. Takiej ilo\u015bci bocian\u00f3w razem w okresie wiosennym jeszcze nie widzieli\u015bmy.","breadcrumb":{"@id":"https:\/\/siteofnature.com\/pl\/bociany-powracaja\/#breadcrumb"},"inLanguage":"pl-PL","potentialAction":[{"@type":"ReadAction","target":["https:\/\/siteofnature.com\/pl\/bociany-powracaja\/"]}]},{"@type":"ImageObject","inLanguage":"pl-PL","@id":"https:\/\/siteofnature.com\/pl\/bociany-powracaja\/#primaryimage","url":"http:\/\/siteofnature.com\/wp-content\/uploads\/2012\/03\/img_42.jpg","contentUrl":"http:\/\/siteofnature.com\/wp-content\/uploads\/2012\/03\/img_42.jpg"},{"@type":"BreadcrumbList","@id":"https:\/\/siteofnature.com\/pl\/bociany-powracaja\/#breadcrumb","itemListElement":[{"@type":"ListItem","position":1,"name":"Home","item":"https:\/\/siteofnature.com\/pl\/home\/"},{"@type":"ListItem","position":2,"name":"Bociany powracaj\u0105."}]},{"@type":"WebSite","@id":"https:\/\/siteofnature.com\/pl\/en\/#website","url":"https:\/\/siteofnature.com\/pl\/en\/","name":"Site of nature","description":"my observations and photos of nature in my area","publisher":{"@id":"https:\/\/siteofnature.com\/pl\/en\/#\/schema\/person\/5ed3d9d3b6bef0c7d37023966e2c0d66"},"alternateName":"about nature","potentialAction":[{"@type":"SearchAction","target":{"@type":"EntryPoint","urlTemplate":"https:\/\/siteofnature.com\/pl\/en\/?s={search_term_string}"},"query-input":{"@type":"PropertyValueSpecification","valueRequired":true,"valueName":"search_term_string"}}],"inLanguage":"pl-PL"},{"@type":["Person","Organization"],"@id":"https:\/\/siteofnature.com\/pl\/en\/#\/schema\/person\/5ed3d9d3b6bef0c7d37023966e2c0d66","name":"Pawe\u0142 Chmur","image":{"@type":"ImageObject","inLanguage":"pl-PL","@id":"https:\/\/siteofnature.com\/wp-content\/uploads\/2021\/01\/1625770_1074626285927938_5128424736839005493_n.jpg","url":"https:\/\/siteofnature.com\/wp-content\/uploads\/2021\/01\/1625770_1074626285927938_5128424736839005493_n.jpg","contentUrl":"https:\/\/siteofnature.com\/wp-content\/uploads\/2021\/01\/1625770_1074626285927938_5128424736839005493_n.jpg","width":524,"height":524,"caption":"Pawe\u0142 Chmur"},"logo":{"@id":"https:\/\/siteofnature.com\/wp-content\/uploads\/2021\/01\/1625770_1074626285927938_5128424736839005493_n.jpg"},"sameAs":["https:\/\/siteofnature.com","https:\/\/www.facebook.com\/pchmur"],"url":"https:\/\/siteofnature.com\/pl\/author\/siteofnature\/"}]}},"_links":{"self":[{"href":"https:\/\/siteofnature.com\/pl\/wp-json\/wp\/v2\/posts\/13501","targetHints":{"allow":["GET"]}}],"collection":[{"href":"https:\/\/siteofnature.com\/pl\/wp-json\/wp\/v2\/posts"}],"about":[{"href":"https:\/\/siteofnature.com\/pl\/wp-json\/wp\/v2\/types\/post"}],"author":[{"embeddable":true,"href":"https:\/\/siteofnature.com\/pl\/wp-json\/wp\/v2\/users\/1"}],"replies":[{"embeddable":true,"href":"https:\/\/siteofnature.com\/pl\/wp-json\/wp\/v2\/comments?post=13501"}],"version-history":[{"count":0,"href":"https:\/\/siteofnature.com\/pl\/wp-json\/wp\/v2\/posts\/13501\/revisions"}],"wp:attachment":[{"href":"https:\/\/siteofnature.com\/pl\/wp-json\/wp\/v2\/media?parent=13501"}],"wp:term":[{"taxonomy":"category","embeddable":true,"href":"https:\/\/siteofnature.com\/pl\/wp-json\/wp\/v2\/categories?post=13501"},{"taxonomy":"post_tag","embeddable":true,"href":"https:\/\/siteofnature.com\/pl\/wp-json\/wp\/v2\/tags?post=13501"}],"curies":[{"name":"wp","href":"https:\/\/api.w.org\/{rel}","templated":true}]}}