{"id":14730,"date":"2014-12-25T22:18:54","date_gmt":"2014-12-25T23:18:54","guid":{"rendered":"https:\/\/siteofnature.com\/czekamy-na-zime\/"},"modified":"2023-06-28T09:33:56","modified_gmt":"2023-06-28T10:33:56","slug":"czekamy-na-zime","status":"publish","type":"post","link":"https:\/\/siteofnature.com\/pl\/czekamy-na-zime\/","title":{"rendered":"Czekamy na zim\u0119."},"content":{"rendered":"<p>[et_pb_section fb_built=&#8221;1&#8243; _builder_version=&#8221;4.16&#8243; global_colors_info=&#8221;{}&#8221;][et_pb_row _builder_version=&#8221;4.16&#8243; background_size=&#8221;initial&#8221; background_position=&#8221;top_left&#8221; background_repeat=&#8221;repeat&#8221; global_colors_info=&#8221;{}&#8221;][et_pb_column type=&#8221;4_4&#8243; _builder_version=&#8221;4.16&#8243; custom_padding=&#8221;|||&#8221; global_colors_info=&#8221;{}&#8221; custom_padding__hover=&#8221;|||&#8221;][et_pb_text _builder_version=&#8221;4.21.0&#8243; background_size=&#8221;initial&#8221; background_position=&#8221;top_left&#8221; background_repeat=&#8221;repeat&#8221; hover_enabled=&#8221;0&#8243; global_colors_info=&#8221;{}&#8221; sticky_enabled=&#8221;0&#8243;]<\/p>\n<p>W tym roku, podobnie jak zesz\u0142ego roku, zima si\u0119 sp\u00f3\u017ania. Ko\u0144czy si\u0119 w grudniu, ani \u015bniegu, ani mrozu. 19 grudnia by\u0142o do 12 stopni. Nawet w tak\u0105 pogod\u0119 w lesie jest fajnie. Krzewys\u0105 zielone i pachn\u0105ce, gdy powietrze jest wilgotne. Jest kilka zdj\u0119\u0107, zrobionych 19 grudnia, z mojego kr\u00f3tkiego wypadu.     <\/p>\n<p><!-- \/divi:paragraph --><\/p>\n<p><!-- divi:group {\"layout\":{\"type\":\"constrained\"}} --><\/p>\n<div class=\"wp-block-group\">\n<p><!-- divi:envira\/envira-gallery {\"galleryId\":7898,\"title\":\"we wait for the winter\",\"columns\":\"3\",\"row_height\":150,\"margins\":\"custom\",\"lightbox_enabled\":1,\"lazyload_enabled\":1,\"lightbox_theme\":\"base\",\"images\":[{\"status\":\"active\",\"src\":\"http:\/\/www.siteofnature.com\/wp-content\/uploads\/2014\/12\/IMG_4766-as-Smart-Object-1_opt.jpg\",\"title\":\"forest road\",\"link\":\"http:\/\/www.siteofnature.com\/wp-content\/uploads\/2014\/12\/IMG_4766-as-Smart-Object-1_opt.jpg\",\"alt\":\"forest road\",\"caption\":\"\",\"thumb\":\"\",\"id\":3654,\"height\":0,\"width\":0},{\"status\":\"active\",\"src\":\"http:\/\/www.siteofnature.com\/wp-content\/uploads\/2014\/12\/IMG_4770_opt.jpg\",\"title\":\"other forest road\",\"link\":\"http:\/\/www.siteofnature.com\/wp-content\/uploads\/2014\/12\/IMG_4770_opt.jpg\",\"alt\":\"other forest road\",\"caption\":\"\",\"thumb\":\"\",\"id\":3656,\"height\":0,\"width\":0},{\"status\":\"active\",\"src\":\"http:\/\/www.siteofnature.com\/wp-content\/uploads\/2014\/12\/IMG_4769_opt-1.jpg\",\"title\":\"bend in the road\",\"link\":\"http:\/\/www.siteofnature.com\/wp-content\/uploads\/2014\/12\/IMG_4769_opt-1.jpg\",\"alt\":\"bend in the road\",\"caption\":\"\",\"thumb\":\"\",\"id\":3655,\"height\":0,\"width\":0},{\"status\":\"active\",\"src\":\"http:\/\/www.siteofnature.com\/wp-content\/uploads\/2014\/12\/IMG_4761-as-Smart-Object-1_opt.jpg\",\"title\":\"forest edge\",\"link\":\"http:\/\/www.siteofnature.com\/wp-content\/uploads\/2014\/12\/IMG_4761-as-Smart-Object-1_opt.jpg\",\"alt\":\"forest edge\",\"caption\":\"\",\"thumb\":\"\",\"id\":3653,\"height\":0,\"width\":0},{\"status\":\"active\",\"src\":\"http:\/\/www.siteofnature.com\/wp-content\/uploads\/2014\/12\/IMG_4759_opt.jpg\",\"title\":\"Podetia grey-green (Cladonia fimbriata)\",\"link\":\"http:\/\/www.siteofnature.com\/wp-content\/uploads\/2014\/12\/IMG_4759_opt.jpg\",\"alt\":\"Podetia grey-green (Cladonia fimbriata)\",\"caption\":\"\",\"thumb\":\"\",\"id\":3591,\"height\":0,\"width\":0},{\"status\":\"active\",\"src\":\"http:\/\/www.siteofnature.com\/wp-content\/uploads\/2014\/12\/IMG_4757_opt.jpg\",\"title\":\"in the forest\",\"link\":\"http:\/\/www.siteofnature.com\/wp-content\/uploads\/2014\/12\/IMG_4757_opt.jpg\",\"alt\":\"in the forest\",\"caption\":\"\",\"thumb\":\"\",\"id\":3651,\"height\":0,\"width\":0}]} --><\/p>\n<div class=\"wp-block-envira-envira-gallery\"><\/div>\n<p><!-- \/divi:envira\/envira-gallery --><\/p>\n<\/div>\n<p><!-- \/divi:group --><\/p>\n<p>[\/et_pb_text][et_pb_gallery _builder_version=&#8221;4.21.0&#8243; _module_preset=&#8221;default&#8221; gallery_ids=&#8221;10865,10855,10854,10853&#8243; fullwidth=&#8221;on&#8221; hover_enabled=&#8221;0&#8243; sticky_enabled=&#8221;0&#8243;][\/et_pb_gallery][\/et_pb_column][\/et_pb_row][\/et_pb_section]<\/p>\n","protected":false},"excerpt":{"rendered":"<p>W tym roku, podobnie jak zesz\u0142ego roku, zima si\u0119 sp\u00f3\u017ania. Ko\u0144czy si\u0119 w grudniu, ani \u015bniegu, ani mrozu. 19 grudnia by\u0142o do 12 stopni.  <\/p>\n<table>\n<tr>\n<td><a class=\"example7\" href=\"http:\/\/www.siteofnature.com\/wp-content\/uploads\/2014\/12\/IMG_4757_opt.jpg\"><img loading=\"lazy\" decoding=\"async\" src=\"http:\/\/www.siteofnature.com\/wp-content\/uploads\/2014\/12\/IMG_4757_opt-150x100.jpg\" alt=\"IMG_4757_opt\" width=\"150\" height=\"100\" class=\"alignnone size-thumbnail wp-image-3651\"><\/a>\n<\/td>\n<td>\n<a class=\"example7\" href=\"http:\/\/www.siteofnature.com\/wp-content\/uploads\/2014\/12\/IMG_4759_opt1.jpg\"><img loading=\"lazy\" decoding=\"async\" src=\"http:\/\/www.siteofnature.com\/wp-content\/uploads\/2014\/12\/IMG_4759_opt1-150x100.jpg\" alt=\"IMG_4759_opt\" width=\"150\" height=\"100\" class=\"alignnone size-thumbnail wp-image-3652\"><\/a>\n<\/td>\n<td>\n<a class=\"example7\" href=\"http:\/\/www.siteofnature.com\/wp-content\/uploads\/2014\/12\/IMG_4761-as-Smart-Object-1_opt.jpg\"><img loading=\"lazy\" decoding=\"async\" src=\"http:\/\/www.siteofnature.com\/wp-content\/uploads\/2014\/12\/IMG_4761-as-Smart-Object-1_opt-150x100.jpg\" alt=\"IMG_4761 as Smart Object-1_opt\" width=\"150\" height=\"100\" class=\"alignnone size-thumbnail wp-image-3653\"><\/a>\n<\/td>\n<td><\/td>\n<td><\/td>\n<td><\/td>\n<\/tr>\n<tr>\n<td>\n<a class=\"example7\" href=\"http:\/\/www.siteofnature.com\/wp-content\/uploads\/2014\/12\/IMG_4766-as-Smart-Object-1_opt.jpg\"><img loading=\"lazy\" decoding=\"async\" src=\"http:\/\/www.siteofnature.com\/wp-content\/uploads\/2014\/12\/IMG_4766-as-Smart-Object-1_opt-150x100.jpg\" alt=\"IMG_4766 as Smart Object-1_opt\" width=\"150\" height=\"100\" class=\"alignnone size-thumbnail wp-image-3654\"><\/a><\/td>\n<td>\n<a class=\"example7\" href=\"http:\/\/www.siteofnature.com\/wp-content\/uploads\/2014\/12\/IMG_4769_opt-1.jpg\"><img loading=\"lazy\" decoding=\"async\" src=\"http:\/\/www.siteofnature.com\/wp-content\/uploads\/2014\/12\/IMG_4769_opt-1-150x100.jpg\" alt=\"IMG_4769_opt (1)\" width=\"150\" height=\"100\" class=\"alignnone size-thumbnail wp-image-3655\"><\/a>\n<\/td>\n<td>\n<a class=\"example7\" href=\"http:\/\/www.siteofnature.com\/wp-content\/uploads\/2014\/12\/IMG_4770_opt.jpg\"><img loading=\"lazy\" decoding=\"async\" src=\"http:\/\/www.siteofnature.com\/wp-content\/uploads\/2014\/12\/IMG_4770_opt-150x100.jpg\" alt=\"IMG_4770_opt\" width=\"150\" height=\"100\" class=\"alignnone size-thumbnail wp-image-3656\"><\/a>\n<\/td>\n<\/tr>\n<\/table>\n","protected":false},"author":1,"featured_media":10864,"comment_status":"open","ping_status":"open","sticky":false,"template":"","format":"standard","meta":{"_et_pb_use_builder":"on","_et_pb_old_content":"","_et_gb_content_width":"","footnotes":""},"categories":[672],"tags":[707,695],"class_list":["post-14730","post","type-post","status-publish","format-standard","has-post-thumbnail","hentry","category-krajobrazy-pl","tag-las","tag-zima"],"yoast_head":"<!-- This site is optimized with the Yoast SEO plugin v27.2 - https:\/\/yoast.com\/product\/yoast-seo-wordpress\/ -->\n<title>Czekamy na zim\u0119. - Site of nature<\/title>\n<meta name=\"description\" content=\"W tym roku, podobnie jak zesz\u0142ego roku, zima si\u0119 sp\u00f3\u017ania. Ko\u0144czy si\u0119 w grudniu, ani \u015bniegu, ani mrozu. 19 grudnia by\u0142o do 12 stopni.u.\" \/>\n<meta name=\"robots\" content=\"index, follow, max-snippet:-1, max-image-preview:large, max-video-preview:-1\" \/>\n<link rel=\"canonical\" href=\"https:\/\/siteofnature.com\/pl\/czekamy-na-zime\/\" \/>\n<meta property=\"og:locale\" content=\"pl_PL\" \/>\n<meta property=\"og:type\" content=\"article\" \/>\n<meta property=\"og:title\" content=\"Czekamy na zim\u0119. - Site of nature\" \/>\n<meta property=\"og:description\" content=\"W tym roku, podobnie jak zesz\u0142ego roku, zima si\u0119 sp\u00f3\u017ania. Ko\u0144czy si\u0119 w grudniu, ani \u015bniegu, ani mrozu. 19 grudnia by\u0142o do 12 stopni.u.\" \/>\n<meta property=\"og:url\" content=\"https:\/\/siteofnature.com\/pl\/czekamy-na-zime\/\" \/>\n<meta property=\"og:site_name\" content=\"Site of nature\" \/>\n<meta property=\"article:publisher\" content=\"https:\/\/www.facebook.com\/pchmur\" \/>\n<meta property=\"article:author\" content=\"https:\/\/www.facebook.com\/pchmur\" \/>\n<meta property=\"article:published_time\" content=\"2014-12-25T23:18:54+00:00\" \/>\n<meta property=\"article:modified_time\" content=\"2023-06-28T10:33:56+00:00\" \/>\n<meta property=\"og:image\" content=\"https:\/\/siteofnature.com\/wp-content\/uploads\/2014\/12\/grzeb-zima.jpg\" \/>\n\t<meta property=\"og:image:width\" content=\"1024\" \/>\n\t<meta property=\"og:image:height\" content=\"675\" \/>\n\t<meta property=\"og:image:type\" content=\"image\/jpeg\" \/>\n<meta name=\"author\" content=\"Pawe\u0142 Chmur\" \/>\n<meta name=\"twitter:card\" content=\"summary_large_image\" \/>\n<meta name=\"twitter:label1\" content=\"Napisane przez\" \/>\n\t<meta name=\"twitter:data1\" content=\"Pawe\u0142 Chmur\" \/>\n\t<meta name=\"twitter:label2\" content=\"Szacowany czas czytania\" \/>\n\t<meta name=\"twitter:data2\" content=\"1 minuta\" \/>\n<script type=\"application\/ld+json\" class=\"yoast-schema-graph\">{\"@context\":\"https:\/\/schema.org\",\"@graph\":[{\"@type\":\"Article\",\"@id\":\"https:\/\/siteofnature.com\/pl\/czekamy-na-zime\/#article\",\"isPartOf\":{\"@id\":\"https:\/\/siteofnature.com\/pl\/czekamy-na-zime\/\"},\"author\":{\"name\":\"Pawe\u0142 Chmur\",\"@id\":\"https:\/\/siteofnature.com\/pl\/en\/#\/schema\/person\/5ed3d9d3b6bef0c7d37023966e2c0d66\"},\"headline\":\"Czekamy na zim\u0119.\",\"datePublished\":\"2014-12-25T23:18:54+00:00\",\"dateModified\":\"2023-06-28T10:33:56+00:00\",\"mainEntityOfPage\":{\"@id\":\"https:\/\/siteofnature.com\/pl\/czekamy-na-zime\/\"},\"wordCount\":151,\"commentCount\":0,\"publisher\":{\"@id\":\"https:\/\/siteofnature.com\/pl\/en\/#\/schema\/person\/5ed3d9d3b6bef0c7d37023966e2c0d66\"},\"image\":{\"@id\":\"https:\/\/siteofnature.com\/pl\/czekamy-na-zime\/#primaryimage\"},\"thumbnailUrl\":\"https:\/\/siteofnature.com\/wp-content\/uploads\/2014\/12\/grzeb-zima.jpg\",\"keywords\":[\"las\",\"zima\"],\"articleSection\":[\"krajobrazy\"],\"inLanguage\":\"pl-PL\",\"potentialAction\":[{\"@type\":\"CommentAction\",\"name\":\"Comment\",\"target\":[\"https:\/\/siteofnature.com\/pl\/czekamy-na-zime\/#respond\"]}]},{\"@type\":\"WebPage\",\"@id\":\"https:\/\/siteofnature.com\/pl\/czekamy-na-zime\/\",\"url\":\"https:\/\/siteofnature.com\/pl\/czekamy-na-zime\/\",\"name\":\"Czekamy na zim\u0119. - Site of nature\",\"isPartOf\":{\"@id\":\"https:\/\/siteofnature.com\/pl\/en\/#website\"},\"primaryImageOfPage\":{\"@id\":\"https:\/\/siteofnature.com\/pl\/czekamy-na-zime\/#primaryimage\"},\"image\":{\"@id\":\"https:\/\/siteofnature.com\/pl\/czekamy-na-zime\/#primaryimage\"},\"thumbnailUrl\":\"https:\/\/siteofnature.com\/wp-content\/uploads\/2014\/12\/grzeb-zima.jpg\",\"datePublished\":\"2014-12-25T23:18:54+00:00\",\"dateModified\":\"2023-06-28T10:33:56+00:00\",\"description\":\"W tym roku, podobnie jak zesz\u0142ego roku, zima si\u0119 sp\u00f3\u017ania. Ko\u0144czy si\u0119 w grudniu, ani \u015bniegu, ani mrozu. 19 grudnia by\u0142o do 12 stopni.u.\",\"breadcrumb\":{\"@id\":\"https:\/\/siteofnature.com\/pl\/czekamy-na-zime\/#breadcrumb\"},\"inLanguage\":\"pl-PL\",\"potentialAction\":[{\"@type\":\"ReadAction\",\"target\":[\"https:\/\/siteofnature.com\/pl\/czekamy-na-zime\/\"]}]},{\"@type\":\"ImageObject\",\"inLanguage\":\"pl-PL\",\"@id\":\"https:\/\/siteofnature.com\/pl\/czekamy-na-zime\/#primaryimage\",\"url\":\"https:\/\/siteofnature.com\/wp-content\/uploads\/2014\/12\/grzeb-zima.jpg\",\"contentUrl\":\"https:\/\/siteofnature.com\/wp-content\/uploads\/2014\/12\/grzeb-zima.jpg\",\"width\":1024,\"height\":675},{\"@type\":\"BreadcrumbList\",\"@id\":\"https:\/\/siteofnature.com\/pl\/czekamy-na-zime\/#breadcrumb\",\"itemListElement\":[{\"@type\":\"ListItem\",\"position\":1,\"name\":\"Home\",\"item\":\"https:\/\/siteofnature.com\/pl\/home\/\"},{\"@type\":\"ListItem\",\"position\":2,\"name\":\"Czekamy na zim\u0119.\"}]},{\"@type\":\"WebSite\",\"@id\":\"https:\/\/siteofnature.com\/pl\/en\/#website\",\"url\":\"https:\/\/siteofnature.com\/pl\/en\/\",\"name\":\"Site of nature\",\"description\":\"my observations and photos of nature in my area\",\"publisher\":{\"@id\":\"https:\/\/siteofnature.com\/pl\/en\/#\/schema\/person\/5ed3d9d3b6bef0c7d37023966e2c0d66\"},\"alternateName\":\"about nature\",\"potentialAction\":[{\"@type\":\"SearchAction\",\"target\":{\"@type\":\"EntryPoint\",\"urlTemplate\":\"https:\/\/siteofnature.com\/pl\/en\/?s={search_term_string}\"},\"query-input\":{\"@type\":\"PropertyValueSpecification\",\"valueRequired\":true,\"valueName\":\"search_term_string\"}}],\"inLanguage\":\"pl-PL\"},{\"@type\":[\"Person\",\"Organization\"],\"@id\":\"https:\/\/siteofnature.com\/pl\/en\/#\/schema\/person\/5ed3d9d3b6bef0c7d37023966e2c0d66\",\"name\":\"Pawe\u0142 Chmur\",\"image\":{\"@type\":\"ImageObject\",\"inLanguage\":\"pl-PL\",\"@id\":\"https:\/\/siteofnature.com\/wp-content\/uploads\/2021\/01\/1625770_1074626285927938_5128424736839005493_n.jpg\",\"url\":\"https:\/\/siteofnature.com\/wp-content\/uploads\/2021\/01\/1625770_1074626285927938_5128424736839005493_n.jpg\",\"contentUrl\":\"https:\/\/siteofnature.com\/wp-content\/uploads\/2021\/01\/1625770_1074626285927938_5128424736839005493_n.jpg\",\"width\":524,\"height\":524,\"caption\":\"Pawe\u0142 Chmur\"},\"logo\":{\"@id\":\"https:\/\/siteofnature.com\/wp-content\/uploads\/2021\/01\/1625770_1074626285927938_5128424736839005493_n.jpg\"},\"sameAs\":[\"https:\/\/siteofnature.com\",\"https:\/\/www.facebook.com\/pchmur\"],\"url\":\"https:\/\/siteofnature.com\/pl\/author\/siteofnature\/\"}]}<\/script>\n<!-- \/ Yoast SEO plugin. -->","yoast_head_json":{"title":"Czekamy na zim\u0119. - Site of nature","description":"W tym roku, podobnie jak zesz\u0142ego roku, zima si\u0119 sp\u00f3\u017ania. Ko\u0144czy si\u0119 w grudniu, ani \u015bniegu, ani mrozu. 19 grudnia by\u0142o do 12 stopni.u.","robots":{"index":"index","follow":"follow","max-snippet":"max-snippet:-1","max-image-preview":"max-image-preview:large","max-video-preview":"max-video-preview:-1"},"canonical":"https:\/\/siteofnature.com\/pl\/czekamy-na-zime\/","og_locale":"pl_PL","og_type":"article","og_title":"Czekamy na zim\u0119. - Site of nature","og_description":"W tym roku, podobnie jak zesz\u0142ego roku, zima si\u0119 sp\u00f3\u017ania. Ko\u0144czy si\u0119 w grudniu, ani \u015bniegu, ani mrozu. 19 grudnia by\u0142o do 12 stopni.u.","og_url":"https:\/\/siteofnature.com\/pl\/czekamy-na-zime\/","og_site_name":"Site of nature","article_publisher":"https:\/\/www.facebook.com\/pchmur","article_author":"https:\/\/www.facebook.com\/pchmur","article_published_time":"2014-12-25T23:18:54+00:00","article_modified_time":"2023-06-28T10:33:56+00:00","og_image":[{"width":1024,"height":675,"url":"https:\/\/siteofnature.com\/wp-content\/uploads\/2014\/12\/grzeb-zima.jpg","type":"image\/jpeg"}],"author":"Pawe\u0142 Chmur","twitter_card":"summary_large_image","twitter_misc":{"Napisane przez":"Pawe\u0142 Chmur","Szacowany czas czytania":"1 minuta"},"schema":{"@context":"https:\/\/schema.org","@graph":[{"@type":"Article","@id":"https:\/\/siteofnature.com\/pl\/czekamy-na-zime\/#article","isPartOf":{"@id":"https:\/\/siteofnature.com\/pl\/czekamy-na-zime\/"},"author":{"name":"Pawe\u0142 Chmur","@id":"https:\/\/siteofnature.com\/pl\/en\/#\/schema\/person\/5ed3d9d3b6bef0c7d37023966e2c0d66"},"headline":"Czekamy na zim\u0119.","datePublished":"2014-12-25T23:18:54+00:00","dateModified":"2023-06-28T10:33:56+00:00","mainEntityOfPage":{"@id":"https:\/\/siteofnature.com\/pl\/czekamy-na-zime\/"},"wordCount":151,"commentCount":0,"publisher":{"@id":"https:\/\/siteofnature.com\/pl\/en\/#\/schema\/person\/5ed3d9d3b6bef0c7d37023966e2c0d66"},"image":{"@id":"https:\/\/siteofnature.com\/pl\/czekamy-na-zime\/#primaryimage"},"thumbnailUrl":"https:\/\/siteofnature.com\/wp-content\/uploads\/2014\/12\/grzeb-zima.jpg","keywords":["las","zima"],"articleSection":["krajobrazy"],"inLanguage":"pl-PL","potentialAction":[{"@type":"CommentAction","name":"Comment","target":["https:\/\/siteofnature.com\/pl\/czekamy-na-zime\/#respond"]}]},{"@type":"WebPage","@id":"https:\/\/siteofnature.com\/pl\/czekamy-na-zime\/","url":"https:\/\/siteofnature.com\/pl\/czekamy-na-zime\/","name":"Czekamy na zim\u0119. - Site of nature","isPartOf":{"@id":"https:\/\/siteofnature.com\/pl\/en\/#website"},"primaryImageOfPage":{"@id":"https:\/\/siteofnature.com\/pl\/czekamy-na-zime\/#primaryimage"},"image":{"@id":"https:\/\/siteofnature.com\/pl\/czekamy-na-zime\/#primaryimage"},"thumbnailUrl":"https:\/\/siteofnature.com\/wp-content\/uploads\/2014\/12\/grzeb-zima.jpg","datePublished":"2014-12-25T23:18:54+00:00","dateModified":"2023-06-28T10:33:56+00:00","description":"W tym roku, podobnie jak zesz\u0142ego roku, zima si\u0119 sp\u00f3\u017ania. Ko\u0144czy si\u0119 w grudniu, ani \u015bniegu, ani mrozu. 19 grudnia by\u0142o do 12 stopni.u.","breadcrumb":{"@id":"https:\/\/siteofnature.com\/pl\/czekamy-na-zime\/#breadcrumb"},"inLanguage":"pl-PL","potentialAction":[{"@type":"ReadAction","target":["https:\/\/siteofnature.com\/pl\/czekamy-na-zime\/"]}]},{"@type":"ImageObject","inLanguage":"pl-PL","@id":"https:\/\/siteofnature.com\/pl\/czekamy-na-zime\/#primaryimage","url":"https:\/\/siteofnature.com\/wp-content\/uploads\/2014\/12\/grzeb-zima.jpg","contentUrl":"https:\/\/siteofnature.com\/wp-content\/uploads\/2014\/12\/grzeb-zima.jpg","width":1024,"height":675},{"@type":"BreadcrumbList","@id":"https:\/\/siteofnature.com\/pl\/czekamy-na-zime\/#breadcrumb","itemListElement":[{"@type":"ListItem","position":1,"name":"Home","item":"https:\/\/siteofnature.com\/pl\/home\/"},{"@type":"ListItem","position":2,"name":"Czekamy na zim\u0119."}]},{"@type":"WebSite","@id":"https:\/\/siteofnature.com\/pl\/en\/#website","url":"https:\/\/siteofnature.com\/pl\/en\/","name":"Site of nature","description":"my observations and photos of nature in my area","publisher":{"@id":"https:\/\/siteofnature.com\/pl\/en\/#\/schema\/person\/5ed3d9d3b6bef0c7d37023966e2c0d66"},"alternateName":"about nature","potentialAction":[{"@type":"SearchAction","target":{"@type":"EntryPoint","urlTemplate":"https:\/\/siteofnature.com\/pl\/en\/?s={search_term_string}"},"query-input":{"@type":"PropertyValueSpecification","valueRequired":true,"valueName":"search_term_string"}}],"inLanguage":"pl-PL"},{"@type":["Person","Organization"],"@id":"https:\/\/siteofnature.com\/pl\/en\/#\/schema\/person\/5ed3d9d3b6bef0c7d37023966e2c0d66","name":"Pawe\u0142 Chmur","image":{"@type":"ImageObject","inLanguage":"pl-PL","@id":"https:\/\/siteofnature.com\/wp-content\/uploads\/2021\/01\/1625770_1074626285927938_5128424736839005493_n.jpg","url":"https:\/\/siteofnature.com\/wp-content\/uploads\/2021\/01\/1625770_1074626285927938_5128424736839005493_n.jpg","contentUrl":"https:\/\/siteofnature.com\/wp-content\/uploads\/2021\/01\/1625770_1074626285927938_5128424736839005493_n.jpg","width":524,"height":524,"caption":"Pawe\u0142 Chmur"},"logo":{"@id":"https:\/\/siteofnature.com\/wp-content\/uploads\/2021\/01\/1625770_1074626285927938_5128424736839005493_n.jpg"},"sameAs":["https:\/\/siteofnature.com","https:\/\/www.facebook.com\/pchmur"],"url":"https:\/\/siteofnature.com\/pl\/author\/siteofnature\/"}]}},"_links":{"self":[{"href":"https:\/\/siteofnature.com\/pl\/wp-json\/wp\/v2\/posts\/14730","targetHints":{"allow":["GET"]}}],"collection":[{"href":"https:\/\/siteofnature.com\/pl\/wp-json\/wp\/v2\/posts"}],"about":[{"href":"https:\/\/siteofnature.com\/pl\/wp-json\/wp\/v2\/types\/post"}],"author":[{"embeddable":true,"href":"https:\/\/siteofnature.com\/pl\/wp-json\/wp\/v2\/users\/1"}],"replies":[{"embeddable":true,"href":"https:\/\/siteofnature.com\/pl\/wp-json\/wp\/v2\/comments?post=14730"}],"version-history":[{"count":3,"href":"https:\/\/siteofnature.com\/pl\/wp-json\/wp\/v2\/posts\/14730\/revisions"}],"predecessor-version":[{"id":14733,"href":"https:\/\/siteofnature.com\/pl\/wp-json\/wp\/v2\/posts\/14730\/revisions\/14733"}],"wp:featuredmedia":[{"embeddable":true,"href":"https:\/\/siteofnature.com\/pl\/wp-json\/wp\/v2\/media\/10864"}],"wp:attachment":[{"href":"https:\/\/siteofnature.com\/pl\/wp-json\/wp\/v2\/media?parent=14730"}],"wp:term":[{"taxonomy":"category","embeddable":true,"href":"https:\/\/siteofnature.com\/pl\/wp-json\/wp\/v2\/categories?post=14730"},{"taxonomy":"post_tag","embeddable":true,"href":"https:\/\/siteofnature.com\/pl\/wp-json\/wp\/v2\/tags?post=14730"}],"curies":[{"name":"wp","href":"https:\/\/api.w.org\/{rel}","templated":true}]}}