{"id":14994,"date":"2015-09-01T10:48:53","date_gmt":"2015-09-01T11:48:53","guid":{"rendered":"https:\/\/siteofnature.com\/nie-pamietam-az-takiej-suszy\/"},"modified":"2023-06-30T06:48:06","modified_gmt":"2023-06-30T07:48:06","slug":"nie-pamietam-az-takiej-suszy","status":"publish","type":"post","link":"https:\/\/siteofnature.com\/pl\/nie-pamietam-az-takiej-suszy\/","title":{"rendered":"Nie pami\u0119tam a\u017c takiej suszy."},"content":{"rendered":"<p>[et_pb_section fb_built=&#8221;1&#8243; _builder_version=&#8221;4.16&#8243; global_colors_info=&#8221;{}&#8221;][et_pb_row _builder_version=&#8221;4.16&#8243; background_size=&#8221;initial&#8221; background_position=&#8221;top_left&#8221; background_repeat=&#8221;repeat&#8221; global_colors_info=&#8221;{}&#8221;][et_pb_column type=&#8221;4_4&#8243; _builder_version=&#8221;4.16&#8243; custom_padding=&#8221;|||&#8221; global_colors_info=&#8221;{}&#8221; custom_padding__hover=&#8221;|||&#8221;][et_pb_text _builder_version=&#8221;4.21.0&#8243; background_size=&#8221;initial&#8221; background_position=&#8221;top_left&#8221; background_repeat=&#8221;repeat&#8221; hover_enabled=&#8221;0&#8243; global_colors_info=&#8221;{}&#8221; sticky_enabled=&#8221;0&#8243;]<\/p>\n<p><!-- divi:paragraph --> W tym roku wiosna i lato s\u0105 niezwyk\u0142e. Mieli\u015bmy bardzo ma\u0142o opad\u00f3w. W sierpniu nie pada\u0142o, a temperatura by\u0142a bardzo wysoka. Dzi\u015b, 1 wrze\u015bnia, od rana mamy 26 stopni. Wi\u0119kszo\u015b\u0107 strumieni wysch\u0142a. Mimo to pojechali\u015bmy z \u017con\u0105 nad dolin\u0119 Biebrzy zobaczy\u0107, czy w tym roku b\u0119dzie \u017curawina. \u015acie\u017cka, kt\u00f3ra zawsze by\u0142a bardzo wilgotna, a nawet pokryta wod\u0105, by\u0142a teraz ca\u0142kowicie sucha. Znale\u017ali\u015bmy \u017curawin\u0119, kt\u00f3ra nie jest jeszcze wystarczaj\u0105co dojrza\u0142a, aby mo\u017cna j\u0105 by\u0142o zebra\u0107. Niestety na jagodach spotkali\u015bmy ju\u017c sporo os\u00f3b. Jako\u015b\u0107 jag\u00f3d jest dobra. Po drodze zrobi\u0142em kilka zdj\u0119\u0107 okolicy, kt\u00f3re zamieszczam poni\u017cej.          <\/p>\n<p><!-- \/divi:paragraph --><\/p>\n<p><!-- divi:envira\/envira-gallery {\"galleryId\":7936,\"title\":\"I do not remember such a drought\",\"columns\":\"5\",\"row_height\":150,\"margins\":\"custom\",\"lightbox_enabled\":1,\"lazyload_enabled\":1,\"lightbox_theme\":\"base\",\"images\":[{\"status\":\"active\",\"src\":\"https:\/\/siteofnature.com\/wp-content\/uploads\/2015\/09\/IMG_5636_opt.jpg\",\"title\":\"for the berries\",\"link\":\"http:\/\/www.siteofnature.com\/wp-content\/uploads\/2015\/09\/IMG_5636_opt.jpg\",\"alt\":\"for the berries\",\"caption\":\"\",\"thumb\":\"\",\"id\":4146,\"height\":684,\"width\":1024},{\"status\":\"active\",\"src\":\"https:\/\/siteofnature.com\/wp-content\/uploads\/2015\/09\/IMG_5656_opt.jpg\",\"title\":\"road to Szuszalewo village\",\"link\":\"http:\/\/www.siteofnature.com\/wp-content\/uploads\/2015\/09\/IMG_5656_opt.jpg\",\"alt\":\"road to Szuszalewo village\",\"caption\":\"\",\"thumb\":\"\",\"id\":4151,\"height\":684,\"width\":1024},{\"status\":\"active\",\"src\":\"https:\/\/siteofnature.com\/wp-content\/uploads\/2015\/09\/IMG_5651_opt.jpg\",\"title\":\"view from the tower\",\"link\":\"http:\/\/www.siteofnature.com\/wp-content\/uploads\/2015\/09\/IMG_5651_opt.jpg\",\"alt\":\"view from the tower\",\"caption\":\"\",\"thumb\":\"\",\"id\":4150,\"height\":684,\"width\":1024},{\"status\":\"active\",\"src\":\"https:\/\/siteofnature.com\/wp-content\/uploads\/2015\/09\/IMG_5641_opt.jpg\",\"title\":\"river valley\",\"link\":\"http:\/\/www.siteofnature.com\/wp-content\/uploads\/2015\/09\/IMG_5641_opt.jpg\",\"alt\":\"river valley\",\"caption\":\"\",\"thumb\":\"\",\"id\":4147,\"height\":684,\"width\":1024},{\"status\":\"active\",\"src\":\"https:\/\/siteofnature.com\/wp-content\/uploads\/2015\/09\/IMG_5644_opt.jpg\",\"title\":\"Biebrza river valley\",\"link\":\"http:\/\/www.siteofnature.com\/wp-content\/uploads\/2015\/09\/IMG_5644_opt.jpg\",\"alt\":\"Biebrza river valley\",\"caption\":\"\",\"thumb\":\"\",\"id\":4148,\"height\":684,\"width\":1024}]} --><\/p>\n<div class=\"wp-block-envira-envira-gallery\"><\/div>\n<p><!-- \/divi:envira\/envira-gallery --><\/p>\n<p>[\/et_pb_text][et_pb_code _builder_version=&#8221;4.21.0&#8243; _module_preset=&#8221;default&#8221; hover_enabled=&#8221;0&#8243; sticky_enabled=&#8221;0&#8243;]<div id=\"envira-gallery-wrap-7936\" class=\"envira-gallery-wrap envira-gallery-theme-base envira-lightbox-theme-base\" itemscope itemtype=\"https:\/\/schema.org\/ImageGallery\"><div data-row-height=\"\" data-gallery-theme=\"\" id=\"envira-gallery-7936\" class=\"envira-gallery-public  envira-gallery-5-columns envira-clear enviratope envira-gallery-css-animations\" data-envira-columns=\"5\"><div id=\"envira-gallery-item-4146\" class=\"envira-gallery-item enviratope-item envira-gallery-item-1 envira-lazy-load\" style=\"padding-left: 1px; padding-bottom: 1px; padding-right: 1px;\"  itemscope itemtype=\"https:\/\/schema.org\/ImageObject\"><div class=\"envira-gallery-item-inner\"><div class=\"envira-gallery-position-overlay  envira-gallery-top-left\"><\/div><div class=\"envira-gallery-position-overlay  envira-gallery-top-right\"><\/div><div class=\"envira-gallery-position-overlay  envira-gallery-bottom-left\"><\/div><div class=\"envira-gallery-position-overlay  envira-gallery-bottom-right\"><\/div><a href=\"http:\/\/www.siteofnature.com\/wp-content\/uploads\/2015\/09\/IMG_5636_opt.jpg\" class=\"envira-gallery-7936 envira-gallery-link\" rel=\"enviragallery7936\" title=\"for the berries\" data-envira-caption=\"for the berries\" data-envira-retina=\"\" data-thumbnail=\"\"  itemprop=\"contentUrl\"><div class=\"envira-lazy\" data-test-width=\"640\" data-test-height=\"480\" style=\"padding-bottom:75%;\"><img decoding=\"async\" id=\"envira-gallery-image-4146\" class=\"envira-gallery-image envira-gallery-image-1\" data-envira-index=\"1\" src=\"https:\/\/siteofnature.com\/wp-content\/uploads\/2015\/09\/IMG_5636_opt-640x480.jpg\" data-envira-src=\"https:\/\/siteofnature.com\/wp-content\/uploads\/2015\/09\/IMG_5636_opt-640x480.jpg\" data-envira-gallery-id=\"7936\" data-envira-item-id=\"4146\" data-envira-caption=\"for the berries\" alt=\"for the berries\" title=\"for the berries\"  itemprop=\"thumbnailUrl\" data-envira-srcset=\"https:\/\/siteofnature.com\/wp-content\/uploads\/2015\/09\/IMG_5636_opt-640x480.jpg 400w,https:\/\/siteofnature.com\/wp-content\/uploads\/2015\/09\/IMG_5636_opt-640x480.jpg 2x\" srcset=\"data:image\/gif;base64,R0lGODlhAQABAIAAAP\/\/\/\/\/\/\/yH5BAEKAAEALAAAAAABAAEAAAICTAEAOw==\" \/><\/div><\/a><\/div><\/div><div id=\"envira-gallery-item-4151\" class=\"envira-gallery-item enviratope-item envira-gallery-item-2 envira-lazy-load\" style=\"padding-left: 1px; padding-bottom: 1px; padding-right: 1px;\"  itemscope itemtype=\"https:\/\/schema.org\/ImageObject\"><div class=\"envira-gallery-item-inner\"><div class=\"envira-gallery-position-overlay  envira-gallery-top-left\"><\/div><div class=\"envira-gallery-position-overlay  envira-gallery-top-right\"><\/div><div class=\"envira-gallery-position-overlay  envira-gallery-bottom-left\"><\/div><div class=\"envira-gallery-position-overlay  envira-gallery-bottom-right\"><\/div><a href=\"http:\/\/www.siteofnature.com\/wp-content\/uploads\/2015\/09\/IMG_5656_opt.jpg\" class=\"envira-gallery-7936 envira-gallery-link\" rel=\"enviragallery7936\" title=\"road to Szuszalewo village\" data-envira-caption=\"road to Szuszalewo village\" data-envira-retina=\"\" data-thumbnail=\"\"  itemprop=\"contentUrl\"><div class=\"envira-lazy\" data-test-width=\"640\" data-test-height=\"480\" style=\"padding-bottom:75%;\"><img decoding=\"async\" id=\"envira-gallery-image-4151\" class=\"envira-gallery-image envira-gallery-image-2\" data-envira-index=\"2\" src=\"https:\/\/siteofnature.com\/wp-content\/uploads\/2015\/09\/IMG_5656_opt-640x480.jpg\" data-envira-src=\"https:\/\/siteofnature.com\/wp-content\/uploads\/2015\/09\/IMG_5656_opt-640x480.jpg\" data-envira-gallery-id=\"7936\" data-envira-item-id=\"4151\" data-envira-caption=\"road to Szuszalewo village\" alt=\"road to Szuszalewo village\" title=\"road to Szuszalewo village\"  itemprop=\"thumbnailUrl\" data-envira-srcset=\"https:\/\/siteofnature.com\/wp-content\/uploads\/2015\/09\/IMG_5656_opt-640x480.jpg 400w,https:\/\/siteofnature.com\/wp-content\/uploads\/2015\/09\/IMG_5656_opt-640x480.jpg 2x\" srcset=\"data:image\/gif;base64,R0lGODlhAQABAIAAAP\/\/\/\/\/\/\/yH5BAEKAAEALAAAAAABAAEAAAICTAEAOw==\" \/><\/div><\/a><\/div><\/div><div id=\"envira-gallery-item-4150\" class=\"envira-gallery-item enviratope-item envira-gallery-item-3 envira-lazy-load\" style=\"padding-left: 1px; padding-bottom: 1px; padding-right: 1px;\"  itemscope itemtype=\"https:\/\/schema.org\/ImageObject\"><div class=\"envira-gallery-item-inner\"><div class=\"envira-gallery-position-overlay  envira-gallery-top-left\"><\/div><div class=\"envira-gallery-position-overlay  envira-gallery-top-right\"><\/div><div class=\"envira-gallery-position-overlay  envira-gallery-bottom-left\"><\/div><div class=\"envira-gallery-position-overlay  envira-gallery-bottom-right\"><\/div><a href=\"http:\/\/www.siteofnature.com\/wp-content\/uploads\/2015\/09\/IMG_5651_opt.jpg\" class=\"envira-gallery-7936 envira-gallery-link\" rel=\"enviragallery7936\" title=\"view from the tower\" data-envira-caption=\"view from the tower\" data-envira-retina=\"\" data-thumbnail=\"\"  itemprop=\"contentUrl\"><div class=\"envira-lazy\" data-test-width=\"640\" data-test-height=\"480\" style=\"padding-bottom:75%;\"><img decoding=\"async\" id=\"envira-gallery-image-4150\" class=\"envira-gallery-image envira-gallery-image-3\" data-envira-index=\"3\" src=\"https:\/\/siteofnature.com\/wp-content\/uploads\/2015\/09\/IMG_5651_opt-640x480.jpg\" data-envira-src=\"https:\/\/siteofnature.com\/wp-content\/uploads\/2015\/09\/IMG_5651_opt-640x480.jpg\" data-envira-gallery-id=\"7936\" data-envira-item-id=\"4150\" data-envira-caption=\"view from the tower\" alt=\"view from the tower\" title=\"view from the tower\"  itemprop=\"thumbnailUrl\" data-envira-srcset=\"https:\/\/siteofnature.com\/wp-content\/uploads\/2015\/09\/IMG_5651_opt-640x480.jpg 400w,https:\/\/siteofnature.com\/wp-content\/uploads\/2015\/09\/IMG_5651_opt-640x480.jpg 2x\" srcset=\"data:image\/gif;base64,R0lGODlhAQABAIAAAP\/\/\/\/\/\/\/yH5BAEKAAEALAAAAAABAAEAAAICTAEAOw==\" \/><\/div><\/a><\/div><\/div><div id=\"envira-gallery-item-4147\" class=\"envira-gallery-item enviratope-item envira-gallery-item-4 envira-lazy-load\" style=\"padding-left: 1px; padding-bottom: 1px; padding-right: 1px;\"  itemscope itemtype=\"https:\/\/schema.org\/ImageObject\"><div class=\"envira-gallery-item-inner\"><div class=\"envira-gallery-position-overlay  envira-gallery-top-left\"><\/div><div class=\"envira-gallery-position-overlay  envira-gallery-top-right\"><\/div><div class=\"envira-gallery-position-overlay  envira-gallery-bottom-left\"><\/div><div class=\"envira-gallery-position-overlay  envira-gallery-bottom-right\"><\/div><a href=\"http:\/\/www.siteofnature.com\/wp-content\/uploads\/2015\/09\/IMG_5641_opt.jpg\" class=\"envira-gallery-7936 envira-gallery-link\" rel=\"enviragallery7936\" title=\"river valley\" data-envira-caption=\"river valley\" data-envira-retina=\"\" data-thumbnail=\"\"  itemprop=\"contentUrl\"><div class=\"envira-lazy\" data-test-width=\"640\" data-test-height=\"480\" style=\"padding-bottom:75%;\"><img decoding=\"async\" id=\"envira-gallery-image-4147\" class=\"envira-gallery-image envira-gallery-image-4\" data-envira-index=\"4\" src=\"https:\/\/siteofnature.com\/wp-content\/uploads\/2015\/09\/IMG_5641_opt-640x480.jpg\" data-envira-src=\"https:\/\/siteofnature.com\/wp-content\/uploads\/2015\/09\/IMG_5641_opt-640x480.jpg\" data-envira-gallery-id=\"7936\" data-envira-item-id=\"4147\" data-envira-caption=\"river valley\" alt=\"river valley\" title=\"river valley\"  itemprop=\"thumbnailUrl\" data-envira-srcset=\"https:\/\/siteofnature.com\/wp-content\/uploads\/2015\/09\/IMG_5641_opt-640x480.jpg 400w,https:\/\/siteofnature.com\/wp-content\/uploads\/2015\/09\/IMG_5641_opt-640x480.jpg 2x\" srcset=\"data:image\/gif;base64,R0lGODlhAQABAIAAAP\/\/\/\/\/\/\/yH5BAEKAAEALAAAAAABAAEAAAICTAEAOw==\" \/><\/div><\/a><\/div><\/div><div id=\"envira-gallery-item-4148\" class=\"envira-gallery-item enviratope-item envira-gallery-item-5 envira-lazy-load\" style=\"padding-left: 1px; padding-bottom: 1px; padding-right: 1px;\"  itemscope itemtype=\"https:\/\/schema.org\/ImageObject\"><div class=\"envira-gallery-item-inner\"><div class=\"envira-gallery-position-overlay  envira-gallery-top-left\"><\/div><div class=\"envira-gallery-position-overlay  envira-gallery-top-right\"><\/div><div class=\"envira-gallery-position-overlay  envira-gallery-bottom-left\"><\/div><div class=\"envira-gallery-position-overlay  envira-gallery-bottom-right\"><\/div><a href=\"http:\/\/www.siteofnature.com\/wp-content\/uploads\/2015\/09\/IMG_5644_opt.jpg\" class=\"envira-gallery-7936 envira-gallery-link\" rel=\"enviragallery7936\" title=\"Biebrza river valley\" data-envira-caption=\"Biebrza river valley\" data-envira-retina=\"\" data-thumbnail=\"\"  itemprop=\"contentUrl\"><div class=\"envira-lazy\" data-test-width=\"640\" data-test-height=\"480\" style=\"padding-bottom:75%;\"><img decoding=\"async\" id=\"envira-gallery-image-4148\" class=\"envira-gallery-image envira-gallery-image-5\" data-envira-index=\"5\" src=\"https:\/\/siteofnature.com\/wp-content\/uploads\/2015\/09\/IMG_5644_opt-640x480.jpg\" data-envira-src=\"https:\/\/siteofnature.com\/wp-content\/uploads\/2015\/09\/IMG_5644_opt-640x480.jpg\" data-envira-gallery-id=\"7936\" data-envira-item-id=\"4148\" data-envira-caption=\"Biebrza river valley\" alt=\"Biebrza river valley\" title=\"Biebrza river valley\"  itemprop=\"thumbnailUrl\" data-envira-srcset=\"https:\/\/siteofnature.com\/wp-content\/uploads\/2015\/09\/IMG_5644_opt-640x480.jpg 400w,https:\/\/siteofnature.com\/wp-content\/uploads\/2015\/09\/IMG_5644_opt-640x480.jpg 2x\" srcset=\"data:image\/gif;base64,R0lGODlhAQABAIAAAP\/\/\/\/\/\/\/yH5BAEKAAEALAAAAAABAAEAAAICTAEAOw==\" \/><\/div><\/a><\/div><\/div><\/div><\/div><noscript><img decoding=\"async\" src=\"https:\/\/siteofnature.com\/wp-content\/uploads\/2015\/09\/IMG_5636_opt.jpg\" alt=\"for the berries\" \/><img decoding=\"async\" src=\"https:\/\/siteofnature.com\/wp-content\/uploads\/2015\/09\/IMG_5656_opt.jpg\" alt=\"road to Szuszalewo village\" \/><img decoding=\"async\" src=\"https:\/\/siteofnature.com\/wp-content\/uploads\/2015\/09\/IMG_5651_opt.jpg\" alt=\"view from the tower\" \/><img decoding=\"async\" src=\"https:\/\/siteofnature.com\/wp-content\/uploads\/2015\/09\/IMG_5641_opt.jpg\" alt=\"river valley\" \/><img decoding=\"async\" src=\"https:\/\/siteofnature.com\/wp-content\/uploads\/2015\/09\/IMG_5644_opt.jpg\" alt=\"Biebrza river valley\" \/><\/noscript>[\/et_pb_code][\/et_pb_column][\/et_pb_row][\/et_pb_section]<\/p>\n","protected":false},"excerpt":{"rendered":"<p>W tym roku wiosna i lato s\u0105 niezwyk\u0142e. Mieli\u015bmy bardzo ma\u0142o opad\u00f3w. W sierpniu nie pada\u0142o, a temperatura by\u0142a bardzo wysoka. Dzi\u015b, 1 wrze\u015bnia, od rana mamy 26 stopni. Wi\u0119kszo\u015b\u0107 strumieni wysch\u0142a. Mimo to pojechali\u015bmy z \u017con\u0105 nad dolin\u0119 Biebrzy zobaczy\u0107, czy w tym roku b\u0119dzie \u017curawina. \u015acie\u017cka, kt\u00f3ra zawsze by\u0142a bardzo wilgotna, a nawet [&hellip;]<\/p>\n","protected":false},"author":1,"featured_media":0,"comment_status":"open","ping_status":"open","sticky":false,"template":"","format":"standard","meta":{"_et_pb_use_builder":"on","_et_pb_old_content":"","_et_gb_content_width":"","footnotes":""},"categories":[672],"tags":[959,786,960],"class_list":["post-14994","post","type-post","status-publish","format-standard","hentry","category-krajobrazy-pl","tag-biebrza-pl","tag-susza","tag-zurawina"],"yoast_head":"<!-- This site is optimized with the Yoast SEO plugin v27.2 - https:\/\/yoast.com\/product\/yoast-seo-wordpress\/ -->\n<title>Nie pami\u0119tam a\u017c takiej suszy. Site of nature<\/title>\n<meta name=\"description\" content=\"W tym roku wiosna i lato s\u0105 niezwyk\u0142e. Mieli\u015bmy bardzo ma\u0142o opad\u00f3w. W sierpniu nie pada\u0142o,\" \/>\n<meta name=\"robots\" content=\"index, follow, max-snippet:-1, max-image-preview:large, max-video-preview:-1\" \/>\n<link rel=\"canonical\" href=\"https:\/\/siteofnature.com\/pl\/nie-pamietam-az-takiej-suszy\/\" \/>\n<meta property=\"og:locale\" content=\"pl_PL\" \/>\n<meta property=\"og:type\" content=\"article\" \/>\n<meta property=\"og:title\" content=\"Nie pami\u0119tam a\u017c takiej suszy. Site of nature\" \/>\n<meta property=\"og:description\" content=\"W tym roku wiosna i lato s\u0105 niezwyk\u0142e. Mieli\u015bmy bardzo ma\u0142o opad\u00f3w. W sierpniu nie pada\u0142o,\" \/>\n<meta property=\"og:url\" content=\"https:\/\/siteofnature.com\/pl\/nie-pamietam-az-takiej-suszy\/\" \/>\n<meta property=\"og:site_name\" content=\"Site of nature\" \/>\n<meta property=\"article:publisher\" content=\"https:\/\/www.facebook.com\/pchmur\" \/>\n<meta property=\"article:author\" content=\"https:\/\/www.facebook.com\/pchmur\" \/>\n<meta property=\"article:published_time\" content=\"2015-09-01T11:48:53+00:00\" \/>\n<meta property=\"article:modified_time\" content=\"2023-06-30T07:48:06+00:00\" \/>\n<meta name=\"author\" content=\"Pawe\u0142 Chmur\" \/>\n<meta name=\"twitter:card\" content=\"summary_large_image\" \/>\n<meta name=\"twitter:label1\" content=\"Napisane przez\" \/>\n\t<meta name=\"twitter:data1\" content=\"Pawe\u0142 Chmur\" \/>\n\t<meta name=\"twitter:label2\" content=\"Szacowany czas czytania\" \/>\n\t<meta name=\"twitter:data2\" content=\"1 minuta\" \/>\n<script type=\"application\/ld+json\" class=\"yoast-schema-graph\">{\"@context\":\"https:\/\/schema.org\",\"@graph\":[{\"@type\":\"Article\",\"@id\":\"https:\/\/siteofnature.com\/pl\/nie-pamietam-az-takiej-suszy\/#article\",\"isPartOf\":{\"@id\":\"https:\/\/siteofnature.com\/pl\/nie-pamietam-az-takiej-suszy\/\"},\"author\":{\"name\":\"Pawe\u0142 Chmur\",\"@id\":\"https:\/\/siteofnature.com\/pl\/en\/#\/schema\/person\/5ed3d9d3b6bef0c7d37023966e2c0d66\"},\"headline\":\"Nie pami\u0119tam a\u017c takiej suszy.\",\"datePublished\":\"2015-09-01T11:48:53+00:00\",\"dateModified\":\"2023-06-30T07:48:06+00:00\",\"mainEntityOfPage\":{\"@id\":\"https:\/\/siteofnature.com\/pl\/nie-pamietam-az-takiej-suszy\/\"},\"wordCount\":220,\"commentCount\":0,\"publisher\":{\"@id\":\"https:\/\/siteofnature.com\/pl\/en\/#\/schema\/person\/5ed3d9d3b6bef0c7d37023966e2c0d66\"},\"keywords\":[\"Biebrza\",\"susza\",\"\u017curawina\"],\"articleSection\":[\"krajobrazy\"],\"inLanguage\":\"pl-PL\",\"potentialAction\":[{\"@type\":\"CommentAction\",\"name\":\"Comment\",\"target\":[\"https:\/\/siteofnature.com\/pl\/nie-pamietam-az-takiej-suszy\/#respond\"]}]},{\"@type\":\"WebPage\",\"@id\":\"https:\/\/siteofnature.com\/pl\/nie-pamietam-az-takiej-suszy\/\",\"url\":\"https:\/\/siteofnature.com\/pl\/nie-pamietam-az-takiej-suszy\/\",\"name\":\"Nie pami\u0119tam a\u017c takiej suszy. Site of nature\",\"isPartOf\":{\"@id\":\"https:\/\/siteofnature.com\/pl\/en\/#website\"},\"datePublished\":\"2015-09-01T11:48:53+00:00\",\"dateModified\":\"2023-06-30T07:48:06+00:00\",\"description\":\"W tym roku wiosna i lato s\u0105 niezwyk\u0142e. Mieli\u015bmy bardzo ma\u0142o opad\u00f3w. W sierpniu nie pada\u0142o,\",\"breadcrumb\":{\"@id\":\"https:\/\/siteofnature.com\/pl\/nie-pamietam-az-takiej-suszy\/#breadcrumb\"},\"inLanguage\":\"pl-PL\",\"potentialAction\":[{\"@type\":\"ReadAction\",\"target\":[\"https:\/\/siteofnature.com\/pl\/nie-pamietam-az-takiej-suszy\/\"]}]},{\"@type\":\"BreadcrumbList\",\"@id\":\"https:\/\/siteofnature.com\/pl\/nie-pamietam-az-takiej-suszy\/#breadcrumb\",\"itemListElement\":[{\"@type\":\"ListItem\",\"position\":1,\"name\":\"Home\",\"item\":\"https:\/\/siteofnature.com\/pl\/home\/\"},{\"@type\":\"ListItem\",\"position\":2,\"name\":\"Nie pami\u0119tam a\u017c takiej suszy.\"}]},{\"@type\":\"WebSite\",\"@id\":\"https:\/\/siteofnature.com\/pl\/en\/#website\",\"url\":\"https:\/\/siteofnature.com\/pl\/en\/\",\"name\":\"Site of nature\",\"description\":\"my observations and photos of nature in my area\",\"publisher\":{\"@id\":\"https:\/\/siteofnature.com\/pl\/en\/#\/schema\/person\/5ed3d9d3b6bef0c7d37023966e2c0d66\"},\"alternateName\":\"about nature\",\"potentialAction\":[{\"@type\":\"SearchAction\",\"target\":{\"@type\":\"EntryPoint\",\"urlTemplate\":\"https:\/\/siteofnature.com\/pl\/en\/?s={search_term_string}\"},\"query-input\":{\"@type\":\"PropertyValueSpecification\",\"valueRequired\":true,\"valueName\":\"search_term_string\"}}],\"inLanguage\":\"pl-PL\"},{\"@type\":[\"Person\",\"Organization\"],\"@id\":\"https:\/\/siteofnature.com\/pl\/en\/#\/schema\/person\/5ed3d9d3b6bef0c7d37023966e2c0d66\",\"name\":\"Pawe\u0142 Chmur\",\"image\":{\"@type\":\"ImageObject\",\"inLanguage\":\"pl-PL\",\"@id\":\"https:\/\/siteofnature.com\/wp-content\/uploads\/2021\/01\/1625770_1074626285927938_5128424736839005493_n.jpg\",\"url\":\"https:\/\/siteofnature.com\/wp-content\/uploads\/2021\/01\/1625770_1074626285927938_5128424736839005493_n.jpg\",\"contentUrl\":\"https:\/\/siteofnature.com\/wp-content\/uploads\/2021\/01\/1625770_1074626285927938_5128424736839005493_n.jpg\",\"width\":524,\"height\":524,\"caption\":\"Pawe\u0142 Chmur\"},\"logo\":{\"@id\":\"https:\/\/siteofnature.com\/wp-content\/uploads\/2021\/01\/1625770_1074626285927938_5128424736839005493_n.jpg\"},\"sameAs\":[\"https:\/\/siteofnature.com\",\"https:\/\/www.facebook.com\/pchmur\"],\"url\":\"https:\/\/siteofnature.com\/pl\/author\/siteofnature\/\"}]}<\/script>\n<!-- \/ Yoast SEO plugin. -->","yoast_head_json":{"title":"Nie pami\u0119tam a\u017c takiej suszy. Site of nature","description":"W tym roku wiosna i lato s\u0105 niezwyk\u0142e. Mieli\u015bmy bardzo ma\u0142o opad\u00f3w. W sierpniu nie pada\u0142o,","robots":{"index":"index","follow":"follow","max-snippet":"max-snippet:-1","max-image-preview":"max-image-preview:large","max-video-preview":"max-video-preview:-1"},"canonical":"https:\/\/siteofnature.com\/pl\/nie-pamietam-az-takiej-suszy\/","og_locale":"pl_PL","og_type":"article","og_title":"Nie pami\u0119tam a\u017c takiej suszy. Site of nature","og_description":"W tym roku wiosna i lato s\u0105 niezwyk\u0142e. Mieli\u015bmy bardzo ma\u0142o opad\u00f3w. W sierpniu nie pada\u0142o,","og_url":"https:\/\/siteofnature.com\/pl\/nie-pamietam-az-takiej-suszy\/","og_site_name":"Site of nature","article_publisher":"https:\/\/www.facebook.com\/pchmur","article_author":"https:\/\/www.facebook.com\/pchmur","article_published_time":"2015-09-01T11:48:53+00:00","article_modified_time":"2023-06-30T07:48:06+00:00","author":"Pawe\u0142 Chmur","twitter_card":"summary_large_image","twitter_misc":{"Napisane przez":"Pawe\u0142 Chmur","Szacowany czas czytania":"1 minuta"},"schema":{"@context":"https:\/\/schema.org","@graph":[{"@type":"Article","@id":"https:\/\/siteofnature.com\/pl\/nie-pamietam-az-takiej-suszy\/#article","isPartOf":{"@id":"https:\/\/siteofnature.com\/pl\/nie-pamietam-az-takiej-suszy\/"},"author":{"name":"Pawe\u0142 Chmur","@id":"https:\/\/siteofnature.com\/pl\/en\/#\/schema\/person\/5ed3d9d3b6bef0c7d37023966e2c0d66"},"headline":"Nie pami\u0119tam a\u017c takiej suszy.","datePublished":"2015-09-01T11:48:53+00:00","dateModified":"2023-06-30T07:48:06+00:00","mainEntityOfPage":{"@id":"https:\/\/siteofnature.com\/pl\/nie-pamietam-az-takiej-suszy\/"},"wordCount":220,"commentCount":0,"publisher":{"@id":"https:\/\/siteofnature.com\/pl\/en\/#\/schema\/person\/5ed3d9d3b6bef0c7d37023966e2c0d66"},"keywords":["Biebrza","susza","\u017curawina"],"articleSection":["krajobrazy"],"inLanguage":"pl-PL","potentialAction":[{"@type":"CommentAction","name":"Comment","target":["https:\/\/siteofnature.com\/pl\/nie-pamietam-az-takiej-suszy\/#respond"]}]},{"@type":"WebPage","@id":"https:\/\/siteofnature.com\/pl\/nie-pamietam-az-takiej-suszy\/","url":"https:\/\/siteofnature.com\/pl\/nie-pamietam-az-takiej-suszy\/","name":"Nie pami\u0119tam a\u017c takiej suszy. Site of nature","isPartOf":{"@id":"https:\/\/siteofnature.com\/pl\/en\/#website"},"datePublished":"2015-09-01T11:48:53+00:00","dateModified":"2023-06-30T07:48:06+00:00","description":"W tym roku wiosna i lato s\u0105 niezwyk\u0142e. Mieli\u015bmy bardzo ma\u0142o opad\u00f3w. W sierpniu nie pada\u0142o,","breadcrumb":{"@id":"https:\/\/siteofnature.com\/pl\/nie-pamietam-az-takiej-suszy\/#breadcrumb"},"inLanguage":"pl-PL","potentialAction":[{"@type":"ReadAction","target":["https:\/\/siteofnature.com\/pl\/nie-pamietam-az-takiej-suszy\/"]}]},{"@type":"BreadcrumbList","@id":"https:\/\/siteofnature.com\/pl\/nie-pamietam-az-takiej-suszy\/#breadcrumb","itemListElement":[{"@type":"ListItem","position":1,"name":"Home","item":"https:\/\/siteofnature.com\/pl\/home\/"},{"@type":"ListItem","position":2,"name":"Nie pami\u0119tam a\u017c takiej suszy."}]},{"@type":"WebSite","@id":"https:\/\/siteofnature.com\/pl\/en\/#website","url":"https:\/\/siteofnature.com\/pl\/en\/","name":"Site of nature","description":"my observations and photos of nature in my area","publisher":{"@id":"https:\/\/siteofnature.com\/pl\/en\/#\/schema\/person\/5ed3d9d3b6bef0c7d37023966e2c0d66"},"alternateName":"about nature","potentialAction":[{"@type":"SearchAction","target":{"@type":"EntryPoint","urlTemplate":"https:\/\/siteofnature.com\/pl\/en\/?s={search_term_string}"},"query-input":{"@type":"PropertyValueSpecification","valueRequired":true,"valueName":"search_term_string"}}],"inLanguage":"pl-PL"},{"@type":["Person","Organization"],"@id":"https:\/\/siteofnature.com\/pl\/en\/#\/schema\/person\/5ed3d9d3b6bef0c7d37023966e2c0d66","name":"Pawe\u0142 Chmur","image":{"@type":"ImageObject","inLanguage":"pl-PL","@id":"https:\/\/siteofnature.com\/wp-content\/uploads\/2021\/01\/1625770_1074626285927938_5128424736839005493_n.jpg","url":"https:\/\/siteofnature.com\/wp-content\/uploads\/2021\/01\/1625770_1074626285927938_5128424736839005493_n.jpg","contentUrl":"https:\/\/siteofnature.com\/wp-content\/uploads\/2021\/01\/1625770_1074626285927938_5128424736839005493_n.jpg","width":524,"height":524,"caption":"Pawe\u0142 Chmur"},"logo":{"@id":"https:\/\/siteofnature.com\/wp-content\/uploads\/2021\/01\/1625770_1074626285927938_5128424736839005493_n.jpg"},"sameAs":["https:\/\/siteofnature.com","https:\/\/www.facebook.com\/pchmur"],"url":"https:\/\/siteofnature.com\/pl\/author\/siteofnature\/"}]}},"_links":{"self":[{"href":"https:\/\/siteofnature.com\/pl\/wp-json\/wp\/v2\/posts\/14994","targetHints":{"allow":["GET"]}}],"collection":[{"href":"https:\/\/siteofnature.com\/pl\/wp-json\/wp\/v2\/posts"}],"about":[{"href":"https:\/\/siteofnature.com\/pl\/wp-json\/wp\/v2\/types\/post"}],"author":[{"embeddable":true,"href":"https:\/\/siteofnature.com\/pl\/wp-json\/wp\/v2\/users\/1"}],"replies":[{"embeddable":true,"href":"https:\/\/siteofnature.com\/pl\/wp-json\/wp\/v2\/comments?post=14994"}],"version-history":[{"count":2,"href":"https:\/\/siteofnature.com\/pl\/wp-json\/wp\/v2\/posts\/14994\/revisions"}],"predecessor-version":[{"id":14996,"href":"https:\/\/siteofnature.com\/pl\/wp-json\/wp\/v2\/posts\/14994\/revisions\/14996"}],"wp:attachment":[{"href":"https:\/\/siteofnature.com\/pl\/wp-json\/wp\/v2\/media?parent=14994"}],"wp:term":[{"taxonomy":"category","embeddable":true,"href":"https:\/\/siteofnature.com\/pl\/wp-json\/wp\/v2\/categories?post=14994"},{"taxonomy":"post_tag","embeddable":true,"href":"https:\/\/siteofnature.com\/pl\/wp-json\/wp\/v2\/tags?post=14994"}],"curies":[{"name":"wp","href":"https:\/\/api.w.org\/{rel}","templated":true}]}}